{"id":316,"date":"2024-03-26T23:16:18","date_gmt":"2024-03-26T22:16:18","guid":{"rendered":"https:\/\/heimat-kyffhaeuserkreis.de\/?p=316"},"modified":"2024-03-26T23:16:18","modified_gmt":"2024-03-26T22:16:18","slug":"patrick-weber-fuehrt-die-liste-die-heimat-zur-sondershaeuser-stadtratswahl-an","status":"publish","type":"post","link":"https:\/\/heimat-kyffhaeuserkreis.de\/index.php\/2024\/patrick-weber-fuehrt-die-liste-die-heimat-zur-sondershaeuser-stadtratswahl-an\/","title":{"rendered":"Patrick Weber f\u00fchrt die Liste \u201eDIE HEIMAT\u201c zur Sondersh\u00e4user Stadtratswahl an"},"content":{"rendered":"<p>Am 24. M\u00e4rz 2024, w\u00e4hlten die Mitglieder der Partei \u201eDie Heimat\u201c ihre Kandidaten f\u00fcr den Sondersh\u00e4user Stadtrat. Zum Spitzenkandidaten wurde Patrick Weber gew\u00e4hlt. Er verf\u00fcgt \u00fcber 15 Jahre kommunalpolitische Erfahrung und hat ein kompetentes Team an seiner Seite. Auf Platz zwei der Liste kandidiert der Diplom-Ingenieur\u00f6konom Bj\u00f6rn Patek und auf Platz drei der Unternehmer Michael Ha\u00df, die beide als parteilose Kandidaten aufgestellt wurden.<\/p>\n<p>&nbsp;<\/p>\n<p>Die gesamte Liste umfasst 12 engagierte Bewerber, die in ihrer Heimatstadt Sondershausen Verantwortung \u00fcbernehmen wollen und auch auf kommunaler Ebene einen Politikwechsel vorantreiben m\u00f6chten.<\/p>\n<p>&nbsp;<\/p>\n<p>\u201e<em>Wir haben uns fest vorgenommen, einen fulminanten Wahlkampf zu f\u00fchren um zuk\u00fcnftig mit einer starken und kompetenten Fraktion im Stadtrat die Interessen unserer Landsleute zu vertreten. Au\u00dferdem freue ich mich, dass wir auch diesmal wieder parteilose Kandidaten auf unserer Liste haben, die sich f\u00fcr eine starke Stadt einsetzen wollen.\u201c <\/em>Sagte Patrick Weber im Anschluss der Versammlung.<\/p>\n<p>&nbsp;<\/p>\n<p>Alle Kandidaten der Liste \u201eDIE HEIMAT\u201c im \u00dcberblick:<\/p>\n<p>&nbsp;<\/p>\n<ol>\n<li>Patrick Weber<\/li>\n<li>Bj\u00f6rn Patek (parteilos)<\/li>\n<li>Michael Ha\u00df (parteilos)<\/li>\n<li>Steffen Herzog<\/li>\n<li>Dustin K\u00fcnne<\/li>\n<li>Roy Nolte<\/li>\n<li>Sebastian Werner (parteilos)<\/li>\n<li>Maik Butter (parteilos)<\/li>\n<li>Kay Haller<\/li>\n<li>Steffen Z\u00f6ge<\/li>\n<li>Robert Weck (parteilos)<\/li>\n<li>Tino Schielmann (parteilos)<\/li>\n<\/ol>\n","protected":false},"excerpt":{"rendered":"<p>Am 24. M\u00e4rz 2024, w\u00e4hlten die Mitglieder der Partei \u201eDie Heimat\u201c ihre Kandidaten f\u00fcr den Sondersh\u00e4user Stadtrat. Zum Spitzenkandidaten wurde Patrick Weber gew\u00e4hlt. Er verf\u00fcgt \u00fcber 15 Jahre kommunalpolitische Erfahrung und hat ein kompetentes Team an seiner Seite. Auf Platz zwei der Liste kandidiert der Diplom-Ingenieur\u00f6konom Bj\u00f6rn Patek und auf Platz drei der Unternehmer  [&#8230;]<\/p>\n","protected":false},"author":3,"featured_media":317,"comment_status":"open","ping_status":"closed","sticky":false,"template":"","format":"standard","meta":{"footnotes":""},"categories":[5,4],"tags":[],"class_list":["post-316","post","type-post","status-publish","format-standard","has-post-thumbnail","hentry","category-aktuelles","category-presse"],"_links":{"self":[{"href":"https:\/\/heimat-kyffhaeuserkreis.de\/index.php\/wp-json\/wp\/v2\/posts\/316","targetHints":{"allow":["GET"]}}],"collection":[{"href":"https:\/\/heimat-kyffhaeuserkreis.de\/index.php\/wp-json\/wp\/v2\/posts"}],"about":[{"href":"https:\/\/heimat-kyffhaeuserkreis.de\/index.php\/wp-json\/wp\/v2\/types\/post"}],"author":[{"embeddable":true,"href":"https:\/\/heimat-kyffhaeuserkreis.de\/index.php\/wp-json\/wp\/v2\/users\/3"}],"replies":[{"embeddable":true,"href":"https:\/\/heimat-kyffhaeuserkreis.de\/index.php\/wp-json\/wp\/v2\/comments?post=316"}],"version-history":[{"count":1,"href":"https:\/\/heimat-kyffhaeuserkreis.de\/index.php\/wp-json\/wp\/v2\/posts\/316\/revisions"}],"predecessor-version":[{"id":318,"href":"https:\/\/heimat-kyffhaeuserkreis.de\/index.php\/wp-json\/wp\/v2\/posts\/316\/revisions\/318"}],"wp:featuredmedia":[{"embeddable":true,"href":"https:\/\/heimat-kyffhaeuserkreis.de\/index.php\/wp-json\/wp\/v2\/media\/317"}],"wp:attachment":[{"href":"https:\/\/heimat-kyffhaeuserkreis.de\/index.php\/wp-json\/wp\/v2\/media?parent=316"}],"wp:term":[{"taxonomy":"category","embeddable":true,"href":"https:\/\/heimat-kyffhaeuserkreis.de\/index.php\/wp-json\/wp\/v2\/categories?post=316"},{"taxonomy":"post_tag","embeddable":true,"href":"https:\/\/heimat-kyffhaeuserkreis.de\/index.php\/wp-json\/wp\/v2\/tags?post=316"}],"curies":[{"name":"wp","href":"https:\/\/api.w.org\/{rel}","templated":true}]}}